{"id":2413,"date":"2023-12-27T11:08:41","date_gmt":"2023-12-27T10:08:41","guid":{"rendered":"https:\/\/www.xmesesport.org\/?p=2413"},"modified":"2023-12-27T12:51:51","modified_gmt":"2023-12-27T11:51:51","slug":"el-csd-tiene-nuevo-presidente","status":"publish","type":"post","link":"http:\/\/www.xmesesport.org\/cat\/el-csd-tiene-nuevo-presidente\/","title":{"rendered":"El CSD tiene nuevo presidente"},"content":{"rendered":"<h3 style=\"text-align: center;\"><span style=\"color: #808080;\"><strong>Jos\u00e9 Manuel Rodr\u00edguez Uribes vuelve a \u00abcasa\u00bb con una clara intenci\u00f3n de di\u00e1logo y un modelo de igualdad de oportunidades<\/strong><\/span><\/h3>\n<p>&nbsp;<\/p>\n<p>X+NEWS<br \/>\nEl nuevo presidente del Consejo Superior de Deportes ha mostrado su voluntad de \u201cprofundizar en un modelo del deporte espa\u00f1ol robusto y fuerte\u201d, cimentado en el di\u00e1logo, la igualdad, la salud y el desarrollo desde la base.\u00a0 La ministra de Educaci\u00f3n, FP y Deportes,<span style=\"color: #808080;\"><strong> Pilar Alegr\u00eda<\/strong><\/span>, ha destacado la experiencia previa de Rodr\u00edguez Uribes en el \u00e1mbito del deporte y su car\u00e1cter \u201cdialogante y leal\u201d, con el que afrontar\u00e1 retos como los Juegos Ol\u00edmpicos y Paral\u00edmpicos, el desarrollo de la Ley del Deporte y la preparaci\u00f3n del Mundial de F\u00fatbol de 2030<\/p>\n<p><span style=\"color: #808080;\"><strong>Jos\u00e9 Manuel Rodr\u00edguez Uribes<\/strong><\/span> ha tomado este jueves posesi\u00f3n como presidente del Consejo Superior de Deportes (CSD), en un acto presidido por la ministra de Educaci\u00f3n, Formaci\u00f3n Profesional y Deportes, Pilar Alegr\u00eda. A ella ha expresado, en el comienzo de su intervenci\u00f3n, su agradecimiento por haber depositado en \u00e9l su confianza \u201cpara presidir el Consejo Superior de Deportes\u201d. Tambi\u00e9n al Presidente del Gobierno, al que lleva \u201cacompa\u00f1ando en diferentes responsabilidades desde hace a\u00f1os\u201d. \u201cUnas veces nos toca jugar de delantero, otras de centrocampista y otras de lateral, incluso a veces toca sentarse en el banquillo. No pasa nada. Es la l\u00f3gica del compromiso pol\u00edtico, y as\u00ed debe ser\u201d, ha reflexionado.<\/p>\n<blockquote>\n<h3><strong><span style=\"color: #ffcc00;\"><em>\u201cAhora vuelvo a una casa que conozco bien\u201d, ha proseguido Rodr\u00edguez Uribes en el acto celebrado en la Sala Samaranch, \u201cy lo hago con mucha ilusi\u00f3n y con determinaci\u00f3n y, a la vez, con humildad, con una infinita voluntad de di\u00e1logo, de llegar a acuerdos con todos en defensa del deporte espa\u00f1ol\u201d. <\/em><\/span><\/strong><\/h3>\n<\/blockquote>\n<p>As\u00ed, Jos\u00e9 Manuel Rodr\u00edguez Uribes asume la presidencia del <a href=\"https:\/\/www.csd.gob.es\/es\" target=\"_blank\" rel=\"noopener\">Consejo Superior de Deportes<\/a> con la firme voluntad de \u201ctender la mano a cada uno de los sectores del deporte espa\u00f1ol, a las deportistas y a los deportistas, a las federaciones, a los clubes, a las asociaciones, al Comit\u00e9 Ol\u00edmpico Espa\u00f1ol, al Comit\u00e9 Paral\u00edmpico, a LaLiga y a todas las ligas de todos los deportes\u201d. Por ello, se ha mostrado convencido de que \u201ces posible profundizar entre todos en un modelo del deporte espa\u00f1ol robusto y fuerte\u201d.<\/p>\n<p>Un modelo que, como ha desgranado, est\u00e9 basado en la <span style=\"color: #808080;\"><strong>igualdad de oportunidades<\/strong><\/span>, \u201ccon especial atenci\u00f3n al deporte femenino, necesario, exitoso y brillante\u201d; en el deporte como generador de salud y bienestar; y en el impulso del deporte desde la base, \u201cen las escuelas y universidades, en los pueblos y en las ciudades\u201d, con \u201cvocaci\u00f3n final en el deporte profesional, de excelencia competitiva en esa idea de marca Espa\u00f1a por la que nos reconocen en todo el mundo\u201d. \u201cSaben que cuentan conmigo para trabajar honradamente, siempre con di\u00e1logo y con respeto mutuo. Tienen en m\u00ed a un aliado\u201d, ha concluido Rodr\u00edguez Uribes.<\/p>\n<h3><span style=\"color: #808080;\"><strong>Acto de posesi\u00f3n<\/strong><\/span><\/h3>\n<p><iframe loading=\"lazy\" title=\"Toma de posesi\u00f3n de Jos\u00e9 Manuel Rodr\u00edguez Uribes como presidente del Consejo Superior de Deportes\" width=\"1080\" height=\"608\" src=\"https:\/\/www.youtube.com\/embed\/FO8M11k04gY?feature=oembed\"  allow=\"accelerometer; autoplay; clipboard-write; encrypted-media; gyroscope; picture-in-picture; web-share\" allowfullscreen><\/iframe><\/p>\n<p>&nbsp;<\/p>\n<h3><span style=\"color: #808080;\"><strong>Informaciones relacionadas<\/strong><\/span><\/h3>\n<blockquote class=\"wp-embedded-content\" data-secret=\"4uV7OVGtNB\"><p><a href=\"https:\/\/www.xmesesport.org\/el-csd-lanza-una-campana-para-mejorar-la-salud-y-el-deporte\/\">El CSD lanza una campa\u00f1a para mejorar la salud y el deporte<\/a><\/p><\/blockquote>\n<p><iframe loading=\"lazy\" class=\"wp-embedded-content\" sandbox=\"allow-scripts\" security=\"restricted\" style=\"position: absolute; clip: rect(1px, 1px, 1px, 1px);\" title=\"\u00abEl CSD lanza una campa\u00f1a para mejorar la salud y el deporte\u00bb \u2014 Por M&aacute;s Deporte - X+Esport\" src=\"https:\/\/www.xmesesport.org\/el-csd-lanza-una-campana-para-mejorar-la-salud-y-el-deporte\/embed\/#?secret=1Fu0TIeLKQ#?secret=4uV7OVGtNB\" data-secret=\"4uV7OVGtNB\" width=\"600\" height=\"338\" frameborder=\"0\" marginwidth=\"0\" marginheight=\"0\" scrolling=\"no\"><\/iframe><\/p>","protected":false},"excerpt":{"rendered":"<p>Jos\u00e9 Manuel Rodr\u00edguez Uribes vuelve a \u00abcasa\u00bb con una clara intenci\u00f3n de di\u00e1logo y un modelo de igualdad de oportunidades<\/p>","protected":false},"author":1,"featured_media":2466,"comment_status":"closed","ping_status":"closed","sticky":false,"template":"","format":"standard","meta":{"_et_pb_use_builder":"","_et_pb_old_content":"","_et_gb_content_width":"","footnotes":""},"categories":[12,43,72],"tags":[],"class_list":["post-2413","post","type-post","status-publish","format-standard","has-post-thumbnail","hentry","category-actualidad","category-mediateca","category-news"],"yoast_head":"<!-- This site is optimized with the Yoast SEO plugin v26.6 - https:\/\/yoast.com\/wordpress\/plugins\/seo\/ -->\n<title>El CSD tiene nuevo presidente -X+NEWS<\/title>\n<meta name=\"description\" content=\"Jos\u00e9 Manuel Rodr\u00edguez Uribes vuelve a &quot;casa&quot; con una clara intenci\u00f3n de di\u00e1logo y un modelo de igualdad de oportunidades\" \/>\n<meta name=\"robots\" content=\"index, follow, max-snippet:-1, max-image-preview:large, max-video-preview:-1\" \/>\n<link rel=\"canonical\" href=\"https:\/\/www.xmesesport.org\/cat\/el-csd-tiene-nuevo-presidente\/\" \/>\n<meta property=\"og:locale\" content=\"ca_ES\" \/>\n<meta property=\"og:type\" content=\"article\" \/>\n<meta property=\"og:title\" content=\"El CSD tiene nuevo presidente -X+NEWS\" \/>\n<meta property=\"og:description\" content=\"Jos\u00e9 Manuel Rodr\u00edguez Uribes vuelve a &quot;casa&quot; con una clara intenci\u00f3n de di\u00e1logo y un modelo de igualdad de oportunidades\" \/>\n<meta property=\"og:url\" content=\"https:\/\/www.xmesesport.org\/cat\/el-csd-tiene-nuevo-presidente\/\" \/>\n<meta property=\"og:site_name\" content=\"Por M&aacute;s Deporte - X+Esport\" \/>\n<meta property=\"article:publisher\" content=\"https:\/\/www.instagram.com\/permesesport\/\" \/>\n<meta property=\"article:published_time\" content=\"2023-12-27T10:08:41+00:00\" \/>\n<meta property=\"article:modified_time\" content=\"2023-12-27T11:51:51+00:00\" \/>\n<meta property=\"og:image\" content=\"https:\/\/www.xmesesport.org\/wp-content\/uploads\/2023\/12\/53412477564_1e06209171_c.jpg\" \/>\n\t<meta property=\"og:image:width\" content=\"800\" \/>\n\t<meta property=\"og:image:height\" content=\"450\" \/>\n\t<meta property=\"og:image:type\" content=\"image\/jpeg\" \/>\n<meta name=\"author\" content=\"admin\" \/>\n<meta name=\"twitter:card\" content=\"summary_large_image\" \/>\n<meta name=\"twitter:label1\" content=\"Escrit per\" \/>\n\t<meta name=\"twitter:data1\" content=\"admin\" \/>\n\t<meta name=\"twitter:label2\" content=\"Temps estimat de lectura\" \/>\n\t<meta name=\"twitter:data2\" content=\"2 minuts\" \/>\n<script type=\"application\/ld+json\" class=\"yoast-schema-graph\">{\"@context\":\"https:\/\/schema.org\",\"@graph\":[{\"@type\":\"TechArticle\",\"@id\":\"https:\/\/www.xmesesport.org\/el-csd-tiene-nuevo-presidente\/#article\",\"isPartOf\":{\"@id\":\"https:\/\/www.xmesesport.org\/el-csd-tiene-nuevo-presidente\/\"},\"author\":{\"name\":\"admin\",\"@id\":\"https:\/\/www.xmesesport.org\/#\/schema\/person\/53e1cceae28ee3da6c7f1ae13f990207\"},\"headline\":\"El CSD tiene nuevo presidente\",\"datePublished\":\"2023-12-27T10:08:41+00:00\",\"dateModified\":\"2023-12-27T11:51:51+00:00\",\"mainEntityOfPage\":{\"@id\":\"https:\/\/www.xmesesport.org\/el-csd-tiene-nuevo-presidente\/\"},\"wordCount\":533,\"publisher\":{\"@id\":\"https:\/\/www.xmesesport.org\/#organization\"},\"image\":{\"@id\":\"https:\/\/www.xmesesport.org\/el-csd-tiene-nuevo-presidente\/#primaryimage\"},\"thumbnailUrl\":\"https:\/\/www.xmesesport.org\/wp-content\/uploads\/2023\/12\/53412477564_1e06209171_c.jpg\",\"articleSection\":[\"ACTUALIDAD\",\"Mediateca\",\"News\"],\"inLanguage\":\"ca\"},{\"@type\":\"WebPage\",\"@id\":\"https:\/\/www.xmesesport.org\/el-csd-tiene-nuevo-presidente\/\",\"url\":\"https:\/\/www.xmesesport.org\/el-csd-tiene-nuevo-presidente\/\",\"name\":\"El CSD tiene nuevo presidente -X+NEWS\",\"isPartOf\":{\"@id\":\"https:\/\/www.xmesesport.org\/#website\"},\"primaryImageOfPage\":{\"@id\":\"https:\/\/www.xmesesport.org\/el-csd-tiene-nuevo-presidente\/#primaryimage\"},\"image\":{\"@id\":\"https:\/\/www.xmesesport.org\/el-csd-tiene-nuevo-presidente\/#primaryimage\"},\"thumbnailUrl\":\"https:\/\/www.xmesesport.org\/wp-content\/uploads\/2023\/12\/53412477564_1e06209171_c.jpg\",\"datePublished\":\"2023-12-27T10:08:41+00:00\",\"dateModified\":\"2023-12-27T11:51:51+00:00\",\"description\":\"Jos\u00e9 Manuel Rodr\u00edguez Uribes vuelve a \\\"casa\\\" con una clara intenci\u00f3n de di\u00e1logo y un modelo de igualdad de oportunidades\",\"breadcrumb\":{\"@id\":\"https:\/\/www.xmesesport.org\/el-csd-tiene-nuevo-presidente\/#breadcrumb\"},\"inLanguage\":\"ca\",\"potentialAction\":[{\"@type\":\"ReadAction\",\"target\":[\"https:\/\/www.xmesesport.org\/el-csd-tiene-nuevo-presidente\/\"]}]},{\"@type\":\"ImageObject\",\"inLanguage\":\"ca\",\"@id\":\"https:\/\/www.xmesesport.org\/el-csd-tiene-nuevo-presidente\/#primaryimage\",\"url\":\"https:\/\/www.xmesesport.org\/wp-content\/uploads\/2023\/12\/53412477564_1e06209171_c.jpg\",\"contentUrl\":\"https:\/\/www.xmesesport.org\/wp-content\/uploads\/2023\/12\/53412477564_1e06209171_c.jpg\",\"width\":800,\"height\":450},{\"@type\":\"BreadcrumbList\",\"@id\":\"https:\/\/www.xmesesport.org\/el-csd-tiene-nuevo-presidente\/#breadcrumb\",\"itemListElement\":[{\"@type\":\"ListItem\",\"position\":1,\"name\":\"Home\",\"item\":\"https:\/\/www.xmesesport.org\/\"},{\"@type\":\"ListItem\",\"position\":2,\"name\":\"El CSD tiene nuevo presidente\"}]},{\"@type\":\"WebSite\",\"@id\":\"https:\/\/www.xmesesport.org\/#website\",\"url\":\"https:\/\/www.xmesesport.org\/\",\"name\":\"Por M&aacute;s Deporte - X+Esport\",\"description\":\"La Comunidad del deporte\",\"publisher\":{\"@id\":\"https:\/\/www.xmesesport.org\/#organization\"},\"alternateName\":\"Per M\u00e9s Esport\",\"potentialAction\":[{\"@type\":\"SearchAction\",\"target\":{\"@type\":\"EntryPoint\",\"urlTemplate\":\"https:\/\/www.xmesesport.org\/?s={search_term_string}\"},\"query-input\":{\"@type\":\"PropertyValueSpecification\",\"valueRequired\":true,\"valueName\":\"search_term_string\"}}],\"inLanguage\":\"ca\"},{\"@type\":\"Organization\",\"@id\":\"https:\/\/www.xmesesport.org\/#organization\",\"name\":\"Per M\u00e9s Esport\",\"alternateName\":\"Por M\u00e1s Deporte\",\"url\":\"https:\/\/www.xmesesport.org\/\",\"logo\":{\"@type\":\"ImageObject\",\"inLanguage\":\"ca\",\"@id\":\"https:\/\/www.xmesesport.org\/#\/schema\/logo\/image\/\",\"url\":\"https:\/\/www.xmesesport.org\/wp-content\/uploads\/2023\/07\/logo-oficial-scaled.jpg\",\"contentUrl\":\"https:\/\/www.xmesesport.org\/wp-content\/uploads\/2023\/07\/logo-oficial-scaled.jpg\",\"width\":2560,\"height\":2560,\"caption\":\"Per M\u00e9s Esport\"},\"image\":{\"@id\":\"https:\/\/www.xmesesport.org\/#\/schema\/logo\/image\/\"},\"sameAs\":[\"https:\/\/www.instagram.com\/permesesport\/\",\"https:\/\/www.linkedin.com\/company\/permesesport\"]},{\"@type\":\"Person\",\"@id\":\"https:\/\/www.xmesesport.org\/#\/schema\/person\/53e1cceae28ee3da6c7f1ae13f990207\",\"name\":\"admin\",\"sameAs\":[\"https:\/\/www.xmesesport.org\"],\"url\":\"http:\/\/www.xmesesport.org\/cat\/author\/admin\/\"}]}<\/script>\n<!-- \/ Yoast SEO plugin. -->","yoast_head_json":{"title":"El CSD tiene nuevo presidente -X+NEWS","description":"Jos\u00e9 Manuel Rodr\u00edguez Uribes vuelve a \"casa\" con una clara intenci\u00f3n de di\u00e1logo y un modelo de igualdad de oportunidades","robots":{"index":"index","follow":"follow","max-snippet":"max-snippet:-1","max-image-preview":"max-image-preview:large","max-video-preview":"max-video-preview:-1"},"canonical":"https:\/\/www.xmesesport.org\/cat\/el-csd-tiene-nuevo-presidente\/","og_locale":"ca_ES","og_type":"article","og_title":"El CSD tiene nuevo presidente -X+NEWS","og_description":"Jos\u00e9 Manuel Rodr\u00edguez Uribes vuelve a \"casa\" con una clara intenci\u00f3n de di\u00e1logo y un modelo de igualdad de oportunidades","og_url":"https:\/\/www.xmesesport.org\/cat\/el-csd-tiene-nuevo-presidente\/","og_site_name":"Por M&aacute;s Deporte - X+Esport","article_publisher":"https:\/\/www.instagram.com\/permesesport\/","article_published_time":"2023-12-27T10:08:41+00:00","article_modified_time":"2023-12-27T11:51:51+00:00","og_image":[{"width":800,"height":450,"url":"https:\/\/www.xmesesport.org\/wp-content\/uploads\/2023\/12\/53412477564_1e06209171_c.jpg","type":"image\/jpeg"}],"author":"admin","twitter_card":"summary_large_image","twitter_misc":{"Escrit per":"admin","Temps estimat de lectura":"2 minuts"},"schema":{"@context":"https:\/\/schema.org","@graph":[{"@type":"TechArticle","@id":"https:\/\/www.xmesesport.org\/el-csd-tiene-nuevo-presidente\/#article","isPartOf":{"@id":"https:\/\/www.xmesesport.org\/el-csd-tiene-nuevo-presidente\/"},"author":{"name":"admin","@id":"https:\/\/www.xmesesport.org\/#\/schema\/person\/53e1cceae28ee3da6c7f1ae13f990207"},"headline":"El CSD tiene nuevo presidente","datePublished":"2023-12-27T10:08:41+00:00","dateModified":"2023-12-27T11:51:51+00:00","mainEntityOfPage":{"@id":"https:\/\/www.xmesesport.org\/el-csd-tiene-nuevo-presidente\/"},"wordCount":533,"publisher":{"@id":"https:\/\/www.xmesesport.org\/#organization"},"image":{"@id":"https:\/\/www.xmesesport.org\/el-csd-tiene-nuevo-presidente\/#primaryimage"},"thumbnailUrl":"https:\/\/www.xmesesport.org\/wp-content\/uploads\/2023\/12\/53412477564_1e06209171_c.jpg","articleSection":["ACTUALIDAD","Mediateca","News"],"inLanguage":"ca"},{"@type":"WebPage","@id":"https:\/\/www.xmesesport.org\/el-csd-tiene-nuevo-presidente\/","url":"https:\/\/www.xmesesport.org\/el-csd-tiene-nuevo-presidente\/","name":"El CSD tiene nuevo presidente -X+NEWS","isPartOf":{"@id":"https:\/\/www.xmesesport.org\/#website"},"primaryImageOfPage":{"@id":"https:\/\/www.xmesesport.org\/el-csd-tiene-nuevo-presidente\/#primaryimage"},"image":{"@id":"https:\/\/www.xmesesport.org\/el-csd-tiene-nuevo-presidente\/#primaryimage"},"thumbnailUrl":"https:\/\/www.xmesesport.org\/wp-content\/uploads\/2023\/12\/53412477564_1e06209171_c.jpg","datePublished":"2023-12-27T10:08:41+00:00","dateModified":"2023-12-27T11:51:51+00:00","description":"Jos\u00e9 Manuel Rodr\u00edguez Uribes vuelve a \"casa\" con una clara intenci\u00f3n de di\u00e1logo y un modelo de igualdad de oportunidades","breadcrumb":{"@id":"https:\/\/www.xmesesport.org\/el-csd-tiene-nuevo-presidente\/#breadcrumb"},"inLanguage":"ca","potentialAction":[{"@type":"ReadAction","target":["https:\/\/www.xmesesport.org\/el-csd-tiene-nuevo-presidente\/"]}]},{"@type":"ImageObject","inLanguage":"ca","@id":"https:\/\/www.xmesesport.org\/el-csd-tiene-nuevo-presidente\/#primaryimage","url":"https:\/\/www.xmesesport.org\/wp-content\/uploads\/2023\/12\/53412477564_1e06209171_c.jpg","contentUrl":"https:\/\/www.xmesesport.org\/wp-content\/uploads\/2023\/12\/53412477564_1e06209171_c.jpg","width":800,"height":450},{"@type":"BreadcrumbList","@id":"https:\/\/www.xmesesport.org\/el-csd-tiene-nuevo-presidente\/#breadcrumb","itemListElement":[{"@type":"ListItem","position":1,"name":"Home","item":"https:\/\/www.xmesesport.org\/"},{"@type":"ListItem","position":2,"name":"El CSD tiene nuevo presidente"}]},{"@type":"WebSite","@id":"https:\/\/www.xmesesport.org\/#website","url":"https:\/\/www.xmesesport.org\/","name":"Por M&aacute;s Deporte - X+Esport","description":"La Comunitat de l'Esport","publisher":{"@id":"https:\/\/www.xmesesport.org\/#organization"},"alternateName":"Per M\u00e9s Esport","potentialAction":[{"@type":"SearchAction","target":{"@type":"EntryPoint","urlTemplate":"https:\/\/www.xmesesport.org\/?s={search_term_string}"},"query-input":{"@type":"PropertyValueSpecification","valueRequired":true,"valueName":"search_term_string"}}],"inLanguage":"ca"},{"@type":"Organization","@id":"https:\/\/www.xmesesport.org\/#organization","name":"Per M\u00e9s Esport","alternateName":"Por M\u00e1s Deporte","url":"https:\/\/www.xmesesport.org\/","logo":{"@type":"ImageObject","inLanguage":"ca","@id":"https:\/\/www.xmesesport.org\/#\/schema\/logo\/image\/","url":"https:\/\/www.xmesesport.org\/wp-content\/uploads\/2023\/07\/logo-oficial-scaled.jpg","contentUrl":"https:\/\/www.xmesesport.org\/wp-content\/uploads\/2023\/07\/logo-oficial-scaled.jpg","width":2560,"height":2560,"caption":"Per M\u00e9s Esport"},"image":{"@id":"https:\/\/www.xmesesport.org\/#\/schema\/logo\/image\/"},"sameAs":["https:\/\/www.instagram.com\/permesesport\/","https:\/\/www.linkedin.com\/company\/permesesport"]},{"@type":"Person","@id":"https:\/\/www.xmesesport.org\/#\/schema\/person\/53e1cceae28ee3da6c7f1ae13f990207","name":"admin","sameAs":["https:\/\/www.xmesesport.org"],"url":"http:\/\/www.xmesesport.org\/cat\/author\/admin\/"}]}},"_links":{"self":[{"href":"http:\/\/www.xmesesport.org\/cat\/wp-json\/wp\/v2\/posts\/2413","targetHints":{"allow":["GET"]}}],"collection":[{"href":"http:\/\/www.xmesesport.org\/cat\/wp-json\/wp\/v2\/posts"}],"about":[{"href":"http:\/\/www.xmesesport.org\/cat\/wp-json\/wp\/v2\/types\/post"}],"author":[{"embeddable":true,"href":"http:\/\/www.xmesesport.org\/cat\/wp-json\/wp\/v2\/users\/1"}],"replies":[{"embeddable":true,"href":"http:\/\/www.xmesesport.org\/cat\/wp-json\/wp\/v2\/comments?post=2413"}],"version-history":[{"count":1,"href":"http:\/\/www.xmesesport.org\/cat\/wp-json\/wp\/v2\/posts\/2413\/revisions"}],"predecessor-version":[{"id":2414,"href":"http:\/\/www.xmesesport.org\/cat\/wp-json\/wp\/v2\/posts\/2413\/revisions\/2414"}],"wp:featuredmedia":[{"embeddable":true,"href":"http:\/\/www.xmesesport.org\/cat\/wp-json\/wp\/v2\/media\/2466"}],"wp:attachment":[{"href":"http:\/\/www.xmesesport.org\/cat\/wp-json\/wp\/v2\/media?parent=2413"}],"wp:term":[{"taxonomy":"category","embeddable":true,"href":"http:\/\/www.xmesesport.org\/cat\/wp-json\/wp\/v2\/categories?post=2413"},{"taxonomy":"post_tag","embeddable":true,"href":"http:\/\/www.xmesesport.org\/cat\/wp-json\/wp\/v2\/tags?post=2413"}],"curies":[{"name":"wp","href":"https:\/\/api.w.org\/{rel}","templated":true}]}}