{"id":2353,"date":"2023-12-13T13:54:07","date_gmt":"2023-12-13T12:54:07","guid":{"rendered":"https:\/\/www.xmesesport.org\/?p=2353"},"modified":"2023-12-13T13:55:06","modified_gmt":"2023-12-13T12:55:06","slug":"una-jornada-de-inclusion-para-el-mundo-deportivo","status":"publish","type":"post","link":"http:\/\/www.xmesesport.org\/cat\/una-jornada-de-inclusion-para-el-mundo-deportivo\/","title":{"rendered":"Una jornada de inclusi\u00f3n para el mundo deportivo"},"content":{"rendered":"<h3 style=\"text-align: center;\"><span style=\"color: #808080;\"><strong>Organizada por Mundo Deportivo y en colaboraci\u00f3n con CaixaBank, se ha celebrado este lunes 11 de diciembre en el Museu Ol\u00edmpic\u00a0i de l\u2019Esport Joan Antoni Samaranch en Barcelona<\/strong><\/span><\/h3>\n<p>&nbsp;<\/p>\n<p class=\"paragraph\" data-gtm-element-container=\"modulo-texto-link\">X+MEDIATECA<br \/>\nLa pr\u00e1ctica de deporte ayuda a mejorar la calidad de vida de las personas, especialmente de las m\u00e1s vulnerables como consecuencia de alguna discapacidad. Por esta raz\u00f3n,\u00a0<a href=\"https:\/\/www.mundodeportivo.com\/otros-deportes\/20231123\/1002129040\/i-jornada-deporte-personas-discapacidad-mundo-deportivo.html\" target=\"_blank\" rel=\"noopener\"><strong>Mundo Deportivo<\/strong><\/a>, en colaboraci\u00f3n con\u00a0<span style=\"color: #808080;\"><strong>CaixaBank<\/strong><\/span>, ha organizado este lunes 11 de diciembre la<span style=\"color: #808080;\"><strong>\u00a0I Jornada de Deporte de Personas con Discapacidad en el Museu Ol\u00edmpic i de l\u2019Esport Joan Antoni Samaranch<\/strong><\/span>\u00a0en Barcelona.<\/p>\n<p class=\"paragraph\" data-gtm-element-container=\"modulo-texto-link\">Puedes revivir el coloquio en su totalidad en este v\u00eddeo:<\/p>\n<p><iframe loading=\"lazy\" title=\"I Jornada de Deporte de Personas con Discapacidad de Mundo Deportivo\" width=\"1080\" height=\"608\" src=\"https:\/\/www.youtube.com\/embed\/f1KCOqbQNgo?feature=oembed\"  allow=\"accelerometer; autoplay; clipboard-write; encrypted-media; gyroscope; picture-in-picture; web-share\" allowfullscreen><\/iframe><\/p>\n<p data-gtm-element-container=\"modulo-texto-link\">\n<p data-gtm-element-container=\"modulo-texto-link\">Tras la bienvenida (18:30h) ha tenido lugar la primera mesa redonda:\u00a0<span style=\"color: #808080;\"><strong>Deporte de \u00c9lite y discapacidad<\/strong><\/span>, con la presencia del\u00a0<span style=\"color: #808080;\"><strong>entrenador y del jugador del UNES FC BArcelona Jaume Vilella y Rafael Ben\u00edtez<\/strong><\/span>; del campe\u00f3n del mundo y paral\u00edmpico de ciclismo\u00a0<span style=\"color: #808080;\"><strong>Sergio Garrote<\/strong><\/span>, de la campeona del mundo y paral\u00edmpica de nataci\u00f3n\u00a0<span style=\"color: #808080;\"><strong>N\u00faria Marqu\u00e9s<\/strong><\/span>\u00a0y del medallista paral\u00edmpico alpino\u00a0<span style=\"color: #808080;\"><strong>Gabriel Gorce<\/strong><\/span>\u00a0y su gu\u00eda\u00a0<span style=\"color: #808080;\"><strong>Arnau Ferrer.<\/strong><\/span><\/p>\n<p class=\"paragraph\" data-gtm-element-container=\"modulo-texto-link\">La segunda mesa redonda (<strong><span style=\"color: #808080;\">El futuro del deporte de personas con discapacidad, retos y objetivos 2024)<\/span>\u00a0<\/strong>ha contado\u00a0con la presencia de<span style=\"color: #808080;\">\u00a0<strong>Luis Leardy Antol\u00edn<\/strong><\/span>, Director de Comunicaci\u00f3n y Relaciones Externas del Comit\u00e9 Paral\u00edmpico Espa\u00f1ol;<strong>\u00a0<span style=\"color: #808080;\">Anna Caula<\/span><\/strong>, Secret\u00e0ria General de l\u2019Esport i de l\u2019Activitat F\u00edsica de la Generalitat de Catalunya;\u00a0<span style=\"color: #808080;\"><strong>Susana Closa<\/strong><\/span>, gerente del Institut Barcelona Esport e<strong>\u00a0<span style=\"color: #808080;\">\u00cd\u00f1igo Roy<\/span>,<\/strong>\u00a0Director de Estrategia de Comunicaci\u00f3n y Patrocinios de CaixaBank.<\/p>\n<p class=\"paragraph\" data-gtm-element-container=\"modulo-texto-link\">Ha cerrado la 1era Jornada de Deporte de Personas con Discapacidad<strong>\u00a0<span style=\"color: #808080;\">\u00c1lex Roca<\/span><\/strong>, primer atleta en completar un marat\u00f3n con 76% de discapacidad, que ha hecho las delicias de los asistentes explicando sus vivencias y compartiendo sus reflexiones.<\/p>\n<h3 data-gtm-element-container=\"modulo-texto-link\"><\/h3>\n<h3 data-gtm-element-container=\"modulo-texto-link\"><span style=\"color: #808080;\"><strong>Informaciones relacionadas<\/strong><\/span><\/h3>\n<blockquote class=\"wp-embedded-content\" data-secret=\"LcrnQ25BBr\"><p><a href=\"https:\/\/www.xmesesport.org\/la-importancia-de-la-salud-mental-en-entidades-y-clubs\/\">La importancia de la salud mental en entidades y clubs<\/a><\/p><\/blockquote>\n<p><iframe loading=\"lazy\" class=\"wp-embedded-content\" sandbox=\"allow-scripts\" security=\"restricted\" style=\"position: absolute; clip: rect(1px, 1px, 1px, 1px);\" title=\"\u00abLa importancia de la salud mental en entidades y clubs\u00bb \u2014 Por M&aacute;s Deporte - X+Esport\" src=\"https:\/\/www.xmesesport.org\/la-importancia-de-la-salud-mental-en-entidades-y-clubs\/embed\/#?secret=VlIuDv5DNx#?secret=LcrnQ25BBr\" data-secret=\"LcrnQ25BBr\" width=\"600\" height=\"338\" frameborder=\"0\" marginwidth=\"0\" marginheight=\"0\" scrolling=\"no\"><\/iframe><\/p>\n<p data-gtm-element-container=\"modulo-texto-link\">","protected":false},"excerpt":{"rendered":"<p>Organizada por Mundo Deportivo y en colaboraci\u00f3n con CaixaBank, se ha celebrado este lunes 11 de diciembre en el Museu Ol\u00edmpic\u00a0i de l\u2019Esport Joan Antoni Samaranch en Barcelona<\/p>","protected":false},"author":1,"featured_media":2354,"comment_status":"closed","ping_status":"closed","sticky":false,"template":"","format":"standard","meta":{"_et_pb_use_builder":"","_et_pb_old_content":"","_et_gb_content_width":"","footnotes":""},"categories":[12,43],"tags":[],"class_list":["post-2353","post","type-post","status-publish","format-standard","has-post-thumbnail","hentry","category-actualidad","category-mediateca"],"yoast_head":"<!-- This site is optimized with the Yoast SEO plugin v26.6 - https:\/\/yoast.com\/wordpress\/plugins\/seo\/ -->\n<title>Una jornada de inclusi\u00f3n para el mundo deportivo -MEDIATECA<\/title>\n<meta name=\"description\" content=\"Organizada por Mundo Deportivo y en colaboraci\u00f3n con CaixaBank, se ha celebrado este lunes 11 de diciembre en el Museu Ol\u00edmpic\u00a0i de l\u2019Esport\" \/>\n<meta name=\"robots\" content=\"index, follow, max-snippet:-1, max-image-preview:large, max-video-preview:-1\" \/>\n<link rel=\"canonical\" href=\"https:\/\/www.xmesesport.org\/cat\/una-jornada-de-inclusion-para-el-mundo-deportivo\/\" \/>\n<meta property=\"og:locale\" content=\"ca_ES\" \/>\n<meta property=\"og:type\" content=\"article\" \/>\n<meta property=\"og:title\" content=\"Una jornada de inclusi\u00f3n para el mundo deportivo -MEDIATECA\" \/>\n<meta property=\"og:description\" content=\"Organizada por Mundo Deportivo y en colaboraci\u00f3n con CaixaBank, se ha celebrado este lunes 11 de diciembre en el Museu Ol\u00edmpic\u00a0i de l\u2019Esport\" \/>\n<meta property=\"og:url\" content=\"https:\/\/www.xmesesport.org\/cat\/una-jornada-de-inclusion-para-el-mundo-deportivo\/\" \/>\n<meta property=\"og:site_name\" content=\"Por M&aacute;s Deporte - X+Esport\" \/>\n<meta property=\"article:publisher\" content=\"https:\/\/www.instagram.com\/permesesport\/\" \/>\n<meta property=\"article:published_time\" content=\"2023-12-13T12:54:07+00:00\" \/>\n<meta property=\"article:modified_time\" content=\"2023-12-13T12:55:06+00:00\" \/>\n<meta property=\"og:image\" content=\"https:\/\/www.xmesesport.org\/wp-content\/uploads\/2023\/12\/657775cd0f155.r_d.2701-1930-1779.jpeg\" \/>\n\t<meta property=\"og:image:width\" content=\"948\" \/>\n\t<meta property=\"og:image:height\" content=\"465\" \/>\n\t<meta property=\"og:image:type\" content=\"image\/jpeg\" \/>\n<meta name=\"author\" content=\"admin\" \/>\n<meta name=\"twitter:card\" content=\"summary_large_image\" \/>\n<meta name=\"twitter:label1\" content=\"Escrit per\" \/>\n\t<meta name=\"twitter:data1\" content=\"admin\" \/>\n\t<meta name=\"twitter:label2\" content=\"Temps estimat de lectura\" \/>\n\t<meta name=\"twitter:data2\" content=\"2 minuts\" \/>\n<script type=\"application\/ld+json\" class=\"yoast-schema-graph\">{\"@context\":\"https:\/\/schema.org\",\"@graph\":[{\"@type\":\"TechArticle\",\"@id\":\"https:\/\/www.xmesesport.org\/una-jornada-de-inclusion-para-el-mundo-deportivo\/#article\",\"isPartOf\":{\"@id\":\"https:\/\/www.xmesesport.org\/una-jornada-de-inclusion-para-el-mundo-deportivo\/\"},\"author\":{\"name\":\"admin\",\"@id\":\"https:\/\/www.xmesesport.org\/#\/schema\/person\/53e1cceae28ee3da6c7f1ae13f990207\"},\"headline\":\"Una jornada de inclusi\u00f3n para el mundo deportivo\",\"datePublished\":\"2023-12-13T12:54:07+00:00\",\"dateModified\":\"2023-12-13T12:55:06+00:00\",\"mainEntityOfPage\":{\"@id\":\"https:\/\/www.xmesesport.org\/una-jornada-de-inclusion-para-el-mundo-deportivo\/\"},\"wordCount\":324,\"publisher\":{\"@id\":\"https:\/\/www.xmesesport.org\/#organization\"},\"image\":{\"@id\":\"https:\/\/www.xmesesport.org\/una-jornada-de-inclusion-para-el-mundo-deportivo\/#primaryimage\"},\"thumbnailUrl\":\"https:\/\/www.xmesesport.org\/wp-content\/uploads\/2023\/12\/657775cd0f155.r_d.2701-1930-1779.jpeg\",\"articleSection\":[\"ACTUALIDAD\",\"Mediateca\"],\"inLanguage\":\"ca\"},{\"@type\":\"WebPage\",\"@id\":\"https:\/\/www.xmesesport.org\/una-jornada-de-inclusion-para-el-mundo-deportivo\/\",\"url\":\"https:\/\/www.xmesesport.org\/una-jornada-de-inclusion-para-el-mundo-deportivo\/\",\"name\":\"Una jornada de inclusi\u00f3n para el mundo deportivo -MEDIATECA\",\"isPartOf\":{\"@id\":\"https:\/\/www.xmesesport.org\/#website\"},\"primaryImageOfPage\":{\"@id\":\"https:\/\/www.xmesesport.org\/una-jornada-de-inclusion-para-el-mundo-deportivo\/#primaryimage\"},\"image\":{\"@id\":\"https:\/\/www.xmesesport.org\/una-jornada-de-inclusion-para-el-mundo-deportivo\/#primaryimage\"},\"thumbnailUrl\":\"https:\/\/www.xmesesport.org\/wp-content\/uploads\/2023\/12\/657775cd0f155.r_d.2701-1930-1779.jpeg\",\"datePublished\":\"2023-12-13T12:54:07+00:00\",\"dateModified\":\"2023-12-13T12:55:06+00:00\",\"description\":\"Organizada por Mundo Deportivo y en colaboraci\u00f3n con CaixaBank, se ha celebrado este lunes 11 de diciembre en el Museu Ol\u00edmpic\u00a0i de l\u2019Esport\",\"breadcrumb\":{\"@id\":\"https:\/\/www.xmesesport.org\/una-jornada-de-inclusion-para-el-mundo-deportivo\/#breadcrumb\"},\"inLanguage\":\"ca\",\"potentialAction\":[{\"@type\":\"ReadAction\",\"target\":[\"https:\/\/www.xmesesport.org\/una-jornada-de-inclusion-para-el-mundo-deportivo\/\"]}]},{\"@type\":\"ImageObject\",\"inLanguage\":\"ca\",\"@id\":\"https:\/\/www.xmesesport.org\/una-jornada-de-inclusion-para-el-mundo-deportivo\/#primaryimage\",\"url\":\"https:\/\/www.xmesesport.org\/wp-content\/uploads\/2023\/12\/657775cd0f155.r_d.2701-1930-1779.jpeg\",\"contentUrl\":\"https:\/\/www.xmesesport.org\/wp-content\/uploads\/2023\/12\/657775cd0f155.r_d.2701-1930-1779.jpeg\",\"width\":948,\"height\":465,\"caption\":\"Jornada mundo deportivo deporte con descapacidad\"},{\"@type\":\"BreadcrumbList\",\"@id\":\"https:\/\/www.xmesesport.org\/una-jornada-de-inclusion-para-el-mundo-deportivo\/#breadcrumb\",\"itemListElement\":[{\"@type\":\"ListItem\",\"position\":1,\"name\":\"Home\",\"item\":\"https:\/\/www.xmesesport.org\/\"},{\"@type\":\"ListItem\",\"position\":2,\"name\":\"Una jornada de inclusi\u00f3n para el mundo deportivo\"}]},{\"@type\":\"WebSite\",\"@id\":\"https:\/\/www.xmesesport.org\/#website\",\"url\":\"https:\/\/www.xmesesport.org\/\",\"name\":\"Por M&aacute;s Deporte - X+Esport\",\"description\":\"La Comunidad del deporte\",\"publisher\":{\"@id\":\"https:\/\/www.xmesesport.org\/#organization\"},\"alternateName\":\"Per M\u00e9s Esport\",\"potentialAction\":[{\"@type\":\"SearchAction\",\"target\":{\"@type\":\"EntryPoint\",\"urlTemplate\":\"https:\/\/www.xmesesport.org\/?s={search_term_string}\"},\"query-input\":{\"@type\":\"PropertyValueSpecification\",\"valueRequired\":true,\"valueName\":\"search_term_string\"}}],\"inLanguage\":\"ca\"},{\"@type\":\"Organization\",\"@id\":\"https:\/\/www.xmesesport.org\/#organization\",\"name\":\"Per M\u00e9s Esport\",\"alternateName\":\"Por M\u00e1s Deporte\",\"url\":\"https:\/\/www.xmesesport.org\/\",\"logo\":{\"@type\":\"ImageObject\",\"inLanguage\":\"ca\",\"@id\":\"https:\/\/www.xmesesport.org\/#\/schema\/logo\/image\/\",\"url\":\"https:\/\/www.xmesesport.org\/wp-content\/uploads\/2023\/07\/logo-oficial-scaled.jpg\",\"contentUrl\":\"https:\/\/www.xmesesport.org\/wp-content\/uploads\/2023\/07\/logo-oficial-scaled.jpg\",\"width\":2560,\"height\":2560,\"caption\":\"Per M\u00e9s Esport\"},\"image\":{\"@id\":\"https:\/\/www.xmesesport.org\/#\/schema\/logo\/image\/\"},\"sameAs\":[\"https:\/\/www.instagram.com\/permesesport\/\",\"https:\/\/www.linkedin.com\/company\/permesesport\"]},{\"@type\":\"Person\",\"@id\":\"https:\/\/www.xmesesport.org\/#\/schema\/person\/53e1cceae28ee3da6c7f1ae13f990207\",\"name\":\"admin\",\"sameAs\":[\"https:\/\/www.xmesesport.org\"],\"url\":\"http:\/\/www.xmesesport.org\/cat\/author\/admin\/\"}]}<\/script>\n<!-- \/ Yoast SEO plugin. -->","yoast_head_json":{"title":"Una jornada de inclusi\u00f3n para el mundo deportivo -MEDIATECA","description":"Organizada por Mundo Deportivo y en colaboraci\u00f3n con CaixaBank, se ha celebrado este lunes 11 de diciembre en el Museu Ol\u00edmpic\u00a0i de l\u2019Esport","robots":{"index":"index","follow":"follow","max-snippet":"max-snippet:-1","max-image-preview":"max-image-preview:large","max-video-preview":"max-video-preview:-1"},"canonical":"https:\/\/www.xmesesport.org\/cat\/una-jornada-de-inclusion-para-el-mundo-deportivo\/","og_locale":"ca_ES","og_type":"article","og_title":"Una jornada de inclusi\u00f3n para el mundo deportivo -MEDIATECA","og_description":"Organizada por Mundo Deportivo y en colaboraci\u00f3n con CaixaBank, se ha celebrado este lunes 11 de diciembre en el Museu Ol\u00edmpic\u00a0i de l\u2019Esport","og_url":"https:\/\/www.xmesesport.org\/cat\/una-jornada-de-inclusion-para-el-mundo-deportivo\/","og_site_name":"Por M&aacute;s Deporte - X+Esport","article_publisher":"https:\/\/www.instagram.com\/permesesport\/","article_published_time":"2023-12-13T12:54:07+00:00","article_modified_time":"2023-12-13T12:55:06+00:00","og_image":[{"width":948,"height":465,"url":"https:\/\/www.xmesesport.org\/wp-content\/uploads\/2023\/12\/657775cd0f155.r_d.2701-1930-1779.jpeg","type":"image\/jpeg"}],"author":"admin","twitter_card":"summary_large_image","twitter_misc":{"Escrit per":"admin","Temps estimat de lectura":"2 minuts"},"schema":{"@context":"https:\/\/schema.org","@graph":[{"@type":"TechArticle","@id":"https:\/\/www.xmesesport.org\/una-jornada-de-inclusion-para-el-mundo-deportivo\/#article","isPartOf":{"@id":"https:\/\/www.xmesesport.org\/una-jornada-de-inclusion-para-el-mundo-deportivo\/"},"author":{"name":"admin","@id":"https:\/\/www.xmesesport.org\/#\/schema\/person\/53e1cceae28ee3da6c7f1ae13f990207"},"headline":"Una jornada de inclusi\u00f3n para el mundo deportivo","datePublished":"2023-12-13T12:54:07+00:00","dateModified":"2023-12-13T12:55:06+00:00","mainEntityOfPage":{"@id":"https:\/\/www.xmesesport.org\/una-jornada-de-inclusion-para-el-mundo-deportivo\/"},"wordCount":324,"publisher":{"@id":"https:\/\/www.xmesesport.org\/#organization"},"image":{"@id":"https:\/\/www.xmesesport.org\/una-jornada-de-inclusion-para-el-mundo-deportivo\/#primaryimage"},"thumbnailUrl":"https:\/\/www.xmesesport.org\/wp-content\/uploads\/2023\/12\/657775cd0f155.r_d.2701-1930-1779.jpeg","articleSection":["ACTUALIDAD","Mediateca"],"inLanguage":"ca"},{"@type":"WebPage","@id":"https:\/\/www.xmesesport.org\/una-jornada-de-inclusion-para-el-mundo-deportivo\/","url":"https:\/\/www.xmesesport.org\/una-jornada-de-inclusion-para-el-mundo-deportivo\/","name":"Una jornada de inclusi\u00f3n para el mundo deportivo -MEDIATECA","isPartOf":{"@id":"https:\/\/www.xmesesport.org\/#website"},"primaryImageOfPage":{"@id":"https:\/\/www.xmesesport.org\/una-jornada-de-inclusion-para-el-mundo-deportivo\/#primaryimage"},"image":{"@id":"https:\/\/www.xmesesport.org\/una-jornada-de-inclusion-para-el-mundo-deportivo\/#primaryimage"},"thumbnailUrl":"https:\/\/www.xmesesport.org\/wp-content\/uploads\/2023\/12\/657775cd0f155.r_d.2701-1930-1779.jpeg","datePublished":"2023-12-13T12:54:07+00:00","dateModified":"2023-12-13T12:55:06+00:00","description":"Organizada por Mundo Deportivo y en colaboraci\u00f3n con CaixaBank, se ha celebrado este lunes 11 de diciembre en el Museu Ol\u00edmpic\u00a0i de l\u2019Esport","breadcrumb":{"@id":"https:\/\/www.xmesesport.org\/una-jornada-de-inclusion-para-el-mundo-deportivo\/#breadcrumb"},"inLanguage":"ca","potentialAction":[{"@type":"ReadAction","target":["https:\/\/www.xmesesport.org\/una-jornada-de-inclusion-para-el-mundo-deportivo\/"]}]},{"@type":"ImageObject","inLanguage":"ca","@id":"https:\/\/www.xmesesport.org\/una-jornada-de-inclusion-para-el-mundo-deportivo\/#primaryimage","url":"https:\/\/www.xmesesport.org\/wp-content\/uploads\/2023\/12\/657775cd0f155.r_d.2701-1930-1779.jpeg","contentUrl":"https:\/\/www.xmesesport.org\/wp-content\/uploads\/2023\/12\/657775cd0f155.r_d.2701-1930-1779.jpeg","width":948,"height":465,"caption":"Jornada mundo deportivo deporte con descapacidad"},{"@type":"BreadcrumbList","@id":"https:\/\/www.xmesesport.org\/una-jornada-de-inclusion-para-el-mundo-deportivo\/#breadcrumb","itemListElement":[{"@type":"ListItem","position":1,"name":"Home","item":"https:\/\/www.xmesesport.org\/"},{"@type":"ListItem","position":2,"name":"Una jornada de inclusi\u00f3n para el mundo deportivo"}]},{"@type":"WebSite","@id":"https:\/\/www.xmesesport.org\/#website","url":"https:\/\/www.xmesesport.org\/","name":"Por M&aacute;s Deporte - X+Esport","description":"La Comunitat de l'Esport","publisher":{"@id":"https:\/\/www.xmesesport.org\/#organization"},"alternateName":"Per M\u00e9s Esport","potentialAction":[{"@type":"SearchAction","target":{"@type":"EntryPoint","urlTemplate":"https:\/\/www.xmesesport.org\/?s={search_term_string}"},"query-input":{"@type":"PropertyValueSpecification","valueRequired":true,"valueName":"search_term_string"}}],"inLanguage":"ca"},{"@type":"Organization","@id":"https:\/\/www.xmesesport.org\/#organization","name":"Per M\u00e9s Esport","alternateName":"Por M\u00e1s Deporte","url":"https:\/\/www.xmesesport.org\/","logo":{"@type":"ImageObject","inLanguage":"ca","@id":"https:\/\/www.xmesesport.org\/#\/schema\/logo\/image\/","url":"https:\/\/www.xmesesport.org\/wp-content\/uploads\/2023\/07\/logo-oficial-scaled.jpg","contentUrl":"https:\/\/www.xmesesport.org\/wp-content\/uploads\/2023\/07\/logo-oficial-scaled.jpg","width":2560,"height":2560,"caption":"Per M\u00e9s Esport"},"image":{"@id":"https:\/\/www.xmesesport.org\/#\/schema\/logo\/image\/"},"sameAs":["https:\/\/www.instagram.com\/permesesport\/","https:\/\/www.linkedin.com\/company\/permesesport"]},{"@type":"Person","@id":"https:\/\/www.xmesesport.org\/#\/schema\/person\/53e1cceae28ee3da6c7f1ae13f990207","name":"admin","sameAs":["https:\/\/www.xmesesport.org"],"url":"http:\/\/www.xmesesport.org\/cat\/author\/admin\/"}]}},"_links":{"self":[{"href":"http:\/\/www.xmesesport.org\/cat\/wp-json\/wp\/v2\/posts\/2353","targetHints":{"allow":["GET"]}}],"collection":[{"href":"http:\/\/www.xmesesport.org\/cat\/wp-json\/wp\/v2\/posts"}],"about":[{"href":"http:\/\/www.xmesesport.org\/cat\/wp-json\/wp\/v2\/types\/post"}],"author":[{"embeddable":true,"href":"http:\/\/www.xmesesport.org\/cat\/wp-json\/wp\/v2\/users\/1"}],"replies":[{"embeddable":true,"href":"http:\/\/www.xmesesport.org\/cat\/wp-json\/wp\/v2\/comments?post=2353"}],"version-history":[{"count":3,"href":"http:\/\/www.xmesesport.org\/cat\/wp-json\/wp\/v2\/posts\/2353\/revisions"}],"predecessor-version":[{"id":2357,"href":"http:\/\/www.xmesesport.org\/cat\/wp-json\/wp\/v2\/posts\/2353\/revisions\/2357"}],"wp:featuredmedia":[{"embeddable":true,"href":"http:\/\/www.xmesesport.org\/cat\/wp-json\/wp\/v2\/media\/2354"}],"wp:attachment":[{"href":"http:\/\/www.xmesesport.org\/cat\/wp-json\/wp\/v2\/media?parent=2353"}],"wp:term":[{"taxonomy":"category","embeddable":true,"href":"http:\/\/www.xmesesport.org\/cat\/wp-json\/wp\/v2\/categories?post=2353"},{"taxonomy":"post_tag","embeddable":true,"href":"http:\/\/www.xmesesport.org\/cat\/wp-json\/wp\/v2\/tags?post=2353"}],"curies":[{"name":"wp","href":"https:\/\/api.w.org\/{rel}","templated":true}]}}