{"id":2264,"date":"2023-11-24T11:38:33","date_gmt":"2023-11-24T10:38:33","guid":{"rendered":"https:\/\/www.xmesesport.org\/?p=2264"},"modified":"2023-11-24T12:00:13","modified_gmt":"2023-11-24T11:00:13","slug":"somturisme-un-resumen-del-sector-en-tarragona","status":"publish","type":"post","link":"http:\/\/www.xmesesport.org\/cat\/somturisme-un-resumen-del-sector-en-tarragona\/","title":{"rendered":"SomTurisme un resumen del sector en Tarragona"},"content":{"rendered":"<h3 align=\"center\"><span style=\"color: #808080;\"><b><span lang=\"CA\">La ocupaci\u00f3n mejora respecto a 2022, zonas del Delta de l&#8217;Ebre y del Parc Sam\u00e0 han estado ganadores del Premi Jordi Cartany\u00e0 de Turisme en su 32a edici\u00f3n<\/span><\/b><\/span><u><\/u><\/h3>\n<p>&nbsp;<\/p>\n<p style=\"font-weight: 400;\">X+MARKETING<br \/>\nEl sector tur\u00edstico en la <span style=\"color: #808080;\"><strong>demarcaci\u00f3n de Tarragona<\/strong><\/span> contin\u00faa su recuperaci\u00f3n. La ocupaci\u00f3n en los establecimientos tur\u00edsticos de la <span style=\"color: #808080;\"><strong>Costa Dorada y las Tierras del Ebro<\/strong><\/span> ha aumentado en comparaci\u00f3n con el ejercicio anterior. En concreto, ha subido un 3,8% en la Costa Dorada y un 0,3% en las Tierras del Ebro. Estos datos se han hecho p\u00fablicos este jueves en el Celler de Vila-seca durante el evento Som Turisme, un acontecimiento creado por el Patronato de Turismo de la Diputaci\u00f3n de Tarragona para reconocer y apoyar al sector tur\u00edstico, que tambi\u00e9n ha servido para entregar el <span style=\"color: #808080;\"><strong>Premio Jordi Cartany\u00e0 de Turismo<\/strong><\/span>. Camping Alfacs, Rucs de Montsant (Ferran Mestres), Reconnecta\u2019t amb el terr\u00f2s (el Brogit-Ludi Artis), MesMar Box (empresa MesMar), Descobreix l\u2019art contemporani al Delta de l\u2019Ebre (Arte-Contemporary, la R\u00e0pita) y la iniciativa de juego y descubrimiento durante las visitas al Parc Sam\u00e0 (de Developing Natural Activities, SL) han sido los proyectos galardonados este a\u00f1o.<\/p>\n<p>\u00abCerramos un ejercicio tur\u00edstico que ha mantenido una evoluci\u00f3n positiva y que ha estado marcado por el crecimiento de la demanda, un ejercicio que a su vez nos propone nuevos retos a nivel social, econ\u00f3mico y ambiental. En este sentido, \u00abseguiremos trabajando para lograr un modelo tur\u00edstico sostenible para la sociedad de acogida, que genere prosperidad y que contribuya a aumentar la calidad de vida de la ciudadan\u00eda\u00bb, ha destacado la presidenta de la Diputaci\u00f3n de Tarragona, <span style=\"color: #808080;\"><strong>Noem\u00ed Llaurad\u00f3<\/strong><\/span>. Asimismo, Llaurad\u00f3 ha asegurado que para lograrlo \u00abseguiremos apostando por din\u00e1micas basadas en el conocimiento, la innovaci\u00f3n y la diversificaci\u00f3n de nuestra oferta, poniendo en valor todo aquello que nos diferencia y nos hace ser m\u00e1s competitivos y dando m\u00e1s peso al interior de la Costa Dorada y las Tierras del Ebro,\u00bb y \u00ablo haremos con liderazgo, responsabilidad y sumando alianzas y mecanismos de cooperaci\u00f3n entre el sector p\u00fablico y privado\u00bb.<\/p>\n<p>Por su parte, el presidente del Patronato de Turismo,<span style=\"color: #808080;\"><strong> Carlos Brull<\/strong><\/span>, ha destacado la recuperaci\u00f3n del mercado internacional, en gran parte gracias a la actividad de una infraestructura clave como es el aeropuerto de Reus. \u00abEstamos muy satisfechos de comprobar c\u00f3mo los esfuerzos y el trabajo constante para mantener y abrir rutas han dado resultados tan positivos\u00bb, ha se\u00f1alado Carlos Brull, quien ha a\u00f1adido que \u00abtenemos por delante muchos retos, ya sea a nivel medioambiental, por la incertidumbre econ\u00f3mica o por la inestabilidad en determinados pa\u00edses, que nos puede afectar provocando que seamos destino refugio de vacaciones\u00bb. Finalmente, el presidente del Patronato ha puesto de manifiesto que \u00abtrabajar con el territorio de manera conjunta es la mejor garant\u00eda para amplificar y posicionar el valor de nuestras destinos\u00bb.<\/p>\n<p><img loading=\"lazy\" decoding=\"async\" class=\"wp-image-2268 alignleft\" src=\"https:\/\/www.xmesesport.org\/wp-content\/uploads\/2023\/11\/WhatsApp-Image-2023-11-24-at-11.29.45-1-300x187.jpeg\" alt=\"\" width=\"411\" height=\"256\" \/><\/p>\n<p>El evento tambi\u00e9n ha contado con la asistencia de la directora general de Turismo de Catalu\u00f1a, <span style=\"color: #808080;\"><strong>Marta Dom\u00e8nech<\/strong><\/span>, que durante su intervenci\u00f3n ha se\u00f1alado que \u00abla capacidad de atracci\u00f3n de Catalu\u00f1a es tan amplia que el turismo ha llegado, llega y seguir\u00e1 llegando en el futuro. La cuesti\u00f3n es c\u00f3mo podemos hacerlo para optimizar lo que es una fuente de riqueza para que se genere una prosperidad compartida por el conjunto de la sociedad y seguir potenciando los atributos positivos que aporta a la sociedad\u00bb.<\/p>\n<p>Este a\u00f1o 2023, la ocupaci\u00f3n en la <span style=\"color: #808080;\"><strong>Costa Dorada ha sido un 3,8% superior al 2022 y en las Tierras del Ebro un 0,3%<\/strong><\/span>, lo que se traduce en 4.840.189 llegadas registradas con 18.247.565 pernoctaciones en total; mientras que en las Tierras del Ebro las llegadas han sido un total de 420.994 y las pernoctaciones 1.219.491. La estancia media se ha mantenido casi igual que en 2022, tanto en la Costa Dorada (con 3,77 noches) como en las Tierras del Ebro (con 3,01 noches).<\/p>\n<p>Este ejercicio ha estado marcado por la recuperaci\u00f3n del <span style=\"color: #808080;\"><strong>mercado internacional<\/strong><\/span>. En la Costa Dorada, el <span style=\"color: #808080;\"><strong>mercado espa\u00f1ol y catal\u00e1n representa el 51,8% de la ocupaci\u00f3n<\/strong><\/span>, mientras que en las Tierras del Ebro se ha situado en el 75,8%. En ambas destinos, el principal mercado internacional sigue siendo el franc\u00e9s, con un 12,5% en la Costa Dorada y un 10,9% en las Tierras del Ebro. En la Costa Dorada le siguen el brit\u00e1nico y el irland\u00e9s, con muy buenos comportamientos, 10,3% y 6,3% respectivamente. Y en las Tierras del Ebro le siguen el alem\u00e1n, con un 3,9%, y el holand\u00e9s, con un 2,8%. Sin embargo, el mercado que m\u00e1s ha crecido en n\u00famero de pernoctaciones en ambos destinos ha sido el alem\u00e1n, generando un crecimiento del 41,8% en las pernoctaciones en la Costa Dorada y del 33,5% en las Tierras del Ebro. En cuanto a los hoteles y campings, han tenido muy buen comportamiento en ambos destinos.<\/p>\n<p>La recuperaci\u00f3n de los visitantes internacionales se debe, en gran parte, a la <span style=\"color: #808080;\"><strong>actividad del aeropuerto de Reus<\/strong><\/span>. En este sentido, al final del ejercicio 2023, el aeropuerto ha superado el mill\u00f3n de pasajeros, una cifra que no se hab\u00eda alcanzado desde 2019. La cifra global ha sido de <span style=\"color: #808080;\"><strong>1.040.303 usuarios (hasta octubre)<\/strong><\/span>, que han contado con una oferta de 23 rutas con origen o destino en el aeropuerto de Reus. Vueling, Air Nostrum, Ryanair, Jet2 y TUI han sido las compa\u00f1\u00edas que han operado desde Irlanda, B\u00e9lgica, Alemania, Francia, Espa\u00f1a, Pa\u00edses Bajos y el Reino Unido. Concretamente, y fruto de la estrategia de promoci\u00f3n de la Mesa Estrat\u00e9gica del Aeropuerto, en 2024 la aerol\u00ednea Easyjet operar\u00e1 con dos nuevas rutas (Londres-Lutton y Manchester) y al mismo tiempo se mantendr\u00e1 la ruta a Par\u00eds, operada por Vueling, y la ruta a Palma de Mallorca, operada por Air Nosturm.<\/p>\n<p>En cuanto a la actividad crucerista, durante 2023 han llegado a Tarragona 55 cruceros con un total de 100.000 pasajeros. En 2024, la compa\u00f1\u00eda MSC mantendr\u00e1 como puerto base a Tarragona y se organizar\u00e1 la 64\u00aa Asamblea de Medcruise del 11 al 14 de junio para dar a conocer el puerto y la destinaci\u00f3n al sector m\u00e1s profesional del mundo de los cruceros.<\/p>\n<p>&nbsp;<\/p>\n<h3><span style=\"color: #808080;\"><strong>Premios Jordi Cartany\u00e0<\/strong><\/span><\/h3>\n<p>El evento tambi\u00e9n ha servido para reconocer iniciativas empresariales impulsadas por el sector tur\u00edstico en la Costa Dorada y las Tierras del Ebro con la entrega del Premio Jordi Cartany\u00e0 de Turismo 2023, convocado por la Diputaci\u00f3n de Tarragona, a trav\u00e9s de su Patronato de Turismo. \u00abLas propuestas ganadoras destacan, un a\u00f1o m\u00e1s, por la innovaci\u00f3n, la creatividad, la sostenibilidad y la tecnolog\u00eda, elementos en los que se fundamentan las bases de estos premios y que, desde la Diputaci\u00f3n, consideramos esenciales para el buen desarrollo de las iniciativas tur\u00edsticas en el momento actual\u00bb, ha asegurado la presidenta Noem\u00ed Llaurad\u00f3.<\/p>\n<p>El Premio Jordi Cartany\u00e0, con una dotaci\u00f3n total de 30.000\u20ac, ha distinguido 6 iniciativas empresariales de la demarcaci\u00f3n con<span style=\"color: #808080;\"><strong> 5.000\u20ac cada una (3 de la Costa Dorada y 3 de las Tierras del Ebro)<\/strong><\/span>. En la categor\u00eda de &#8216;Mejor propuesta innovadora y creativa para un desarrollo tur\u00edstico sostenible&#8217; (atendiendo a los objetivos de desarrollo sostenible de la Organizaci\u00f3n Mundial del Turismo) a Camping Alfacs (Alcanar), por su proyecto de renovaci\u00f3n del establecimiento comprometido con el ecoturismo y la sostenibilidad. La otra premiada ha sido Rucs de Montsant (Cabac\u00e9s), de Ferran Mestres, una iniciativa de reconexi\u00f3n con el paisaje y la fauna de la Serra de Montsant para toda la familia que propone una experiencia dirigida al segmento familiar a trav\u00e9s de un recorrido entre vi\u00f1edos, olivos y bosques acompa\u00f1ando a burros aut\u00f3ctonos.<\/p>\n<p>En cuanto a la categor\u00eda de &#8216;Mejor propuesta de soluciones tecnol\u00f3gicas para la comercializaci\u00f3n y comunicaci\u00f3n de productos y servicios tur\u00edsticos&#8217;, ha sido premiado El Brogit-Ludi Artis (con sede en Falset), por su iniciativa Reconnecta\u2019t amb el terr\u00f2s, que integra la tecnolog\u00eda en una iniciativa transversal y para todos los p\u00fablicos, una propuesta que incluye la oferta tur\u00edstica en todas sus vertientes: patrimonio cultural, natural, gastron\u00f3mico, enol\u00f3gico, etnol\u00f3gico y que incluye gu\u00eda y tambi\u00e9n el soporte de una WebApp. Tambi\u00e9n en esta categor\u00eda ha sido premiada la empresa <span style=\"color: #808080;\"><strong>Mesmar (la R\u00e0pita)<\/strong> <\/span>por su propuesta <a href=\"https:\/\/www.mar.eco\/mar-box\/\">MesMar Box<\/a>, que facilita y promueve el acceso al material para las <span style=\"color: #808080;\"><strong>actividades n\u00e1uticas<\/strong><\/span>.<\/p>\n<p><iframe loading=\"lazy\" title=\"+MARBOX - Autoservicio de actividades n\u00e1uticas\" width=\"1080\" height=\"608\" src=\"https:\/\/www.youtube.com\/embed\/Vz7E3Ar_ygk?start=3&#038;feature=oembed\"  allow=\"accelerometer; autoplay; clipboard-write; encrypted-media; gyroscope; picture-in-picture; web-share\" allowfullscreen><\/iframe><\/p>\n<p>Y en la categor\u00eda de &#8216;Mejor propuesta para la creaci\u00f3n de nuevos productos de turismo experiencial&#8217; se ha premiado la propuesta <span style=\"color: #808080;\"><strong>Descobreix l\u2019art contemporani al Delta de l\u2019Ebre<\/strong><\/span>, de De Arte-Contemporary (la R\u00e0pita), que pone al alcance del p\u00fablico el arte contempor\u00e1neo local e internacional con una propuesta original integrada en la naturaleza. Finalmente, tambi\u00e9n ha recibido el premio Developing Natural Activities, SL, por su propuesta de experiencias de juego y descubrimiento para toda la familia durante las visitas al Parc Sam\u00e0 (Cambrils).<\/p>\n<p>&nbsp;<\/p>\n<h3><span style=\"color: #808080;\"><strong>Informaciones relacionadas<\/strong><\/span><\/h3>\n<blockquote class=\"wp-embedded-content\" data-secret=\"UlxKajisyR\"><p><a href=\"https:\/\/www.xmesesport.org\/turismo-deportivo-un-negocio-de-270-millones-de-euros\/\">Turismo deportivo un negocio de 270 millones de euros<\/a><\/p><\/blockquote>\n<p><iframe loading=\"lazy\" class=\"wp-embedded-content\" sandbox=\"allow-scripts\" security=\"restricted\" style=\"position: absolute; clip: rect(1px, 1px, 1px, 1px);\" title=\"\u00abTurismo deportivo un negocio de 270 millones de euros\u00bb \u2014 Por M&aacute;s Deporte - X+Esport\" src=\"https:\/\/www.xmesesport.org\/turismo-deportivo-un-negocio-de-270-millones-de-euros\/embed\/#?secret=pUW7jxK9IF#?secret=UlxKajisyR\" data-secret=\"UlxKajisyR\" width=\"600\" height=\"338\" frameborder=\"0\" marginwidth=\"0\" marginheight=\"0\" scrolling=\"no\"><\/iframe><\/p>\n<p style=\"font-weight: 400;\"><em>\u00a0<\/em><\/p>","protected":false},"excerpt":{"rendered":"<p>La ocupaci\u00f3n mejora respecto a 2022, zonas del Delta de l&#8217;Ebre y del Parc Sam\u00e0 han estado ganadores del Premi Jordi Cartany\u00e0 de Turisme en su 32a edici\u00f3n<\/p>","protected":false},"author":1,"featured_media":2267,"comment_status":"closed","ping_status":"closed","sticky":false,"template":"","format":"standard","meta":{"_et_pb_use_builder":"","_et_pb_old_content":"","_et_gb_content_width":"","footnotes":""},"categories":[12,41],"tags":[],"class_list":["post-2264","post","type-post","status-publish","format-standard","has-post-thumbnail","hentry","category-actualidad","category-marketing"],"yoast_head":"<!-- This site is optimized with the Yoast SEO plugin v26.6 - https:\/\/yoast.com\/wordpress\/plugins\/seo\/ -->\n<title>SomTurisme un resumen del sector en Tarragona -X+MARKETING<\/title>\n<meta name=\"description\" content=\"La ocupaci\u00f3n mejora respecto a 2022, zonas del Delta de l&#039;Ebre y del Parc Sam\u00e0 han estado ganadores del Premi Jordi Cartany\u00e0\" \/>\n<meta name=\"robots\" content=\"index, follow, max-snippet:-1, max-image-preview:large, max-video-preview:-1\" \/>\n<link rel=\"canonical\" href=\"https:\/\/www.xmesesport.org\/cat\/somturisme-un-resumen-del-sector-en-tarragona\/\" \/>\n<meta property=\"og:locale\" content=\"ca_ES\" \/>\n<meta property=\"og:type\" content=\"article\" \/>\n<meta property=\"og:title\" content=\"SomTurisme un resumen del sector en Tarragona -X+MARKETING\" \/>\n<meta property=\"og:description\" content=\"La ocupaci\u00f3n mejora respecto a 2022, zonas del Delta de l&#039;Ebre y del Parc Sam\u00e0 han estado ganadores del Premi Jordi Cartany\u00e0\" \/>\n<meta property=\"og:url\" content=\"https:\/\/www.xmesesport.org\/cat\/somturisme-un-resumen-del-sector-en-tarragona\/\" \/>\n<meta property=\"og:site_name\" content=\"Por M&aacute;s Deporte - X+Esport\" \/>\n<meta property=\"article:publisher\" content=\"https:\/\/www.instagram.com\/permesesport\/\" \/>\n<meta property=\"article:published_time\" content=\"2023-11-24T10:38:33+00:00\" \/>\n<meta property=\"article:modified_time\" content=\"2023-11-24T11:00:13+00:00\" \/>\n<meta property=\"og:image\" content=\"https:\/\/www.xmesesport.org\/wp-content\/uploads\/2023\/11\/WhatsApp-Image-2023-11-24-at-11.29.45.jpeg\" \/>\n\t<meta property=\"og:image:width\" content=\"2048\" \/>\n\t<meta property=\"og:image:height\" content=\"886\" \/>\n\t<meta property=\"og:image:type\" content=\"image\/jpeg\" \/>\n<meta name=\"author\" content=\"admin\" \/>\n<meta name=\"twitter:card\" content=\"summary_large_image\" \/>\n<meta name=\"twitter:label1\" content=\"Escrit per\" \/>\n\t<meta name=\"twitter:data1\" content=\"admin\" \/>\n\t<meta name=\"twitter:label2\" content=\"Temps estimat de lectura\" \/>\n\t<meta name=\"twitter:data2\" content=\"7 minuts\" \/>\n<script type=\"application\/ld+json\" class=\"yoast-schema-graph\">{\"@context\":\"https:\/\/schema.org\",\"@graph\":[{\"@type\":\"TechArticle\",\"@id\":\"https:\/\/www.xmesesport.org\/somturisme-un-resumen-del-sector-en-tarragona\/#article\",\"isPartOf\":{\"@id\":\"https:\/\/www.xmesesport.org\/somturisme-un-resumen-del-sector-en-tarragona\/\"},\"author\":{\"name\":\"admin\",\"@id\":\"https:\/\/www.xmesesport.org\/#\/schema\/person\/53e1cceae28ee3da6c7f1ae13f990207\"},\"headline\":\"SomTurisme un resumen del sector en Tarragona\",\"datePublished\":\"2023-11-24T10:38:33+00:00\",\"dateModified\":\"2023-11-24T11:00:13+00:00\",\"mainEntityOfPage\":{\"@id\":\"https:\/\/www.xmesesport.org\/somturisme-un-resumen-del-sector-en-tarragona\/\"},\"wordCount\":1538,\"publisher\":{\"@id\":\"https:\/\/www.xmesesport.org\/#organization\"},\"image\":{\"@id\":\"https:\/\/www.xmesesport.org\/somturisme-un-resumen-del-sector-en-tarragona\/#primaryimage\"},\"thumbnailUrl\":\"https:\/\/www.xmesesport.org\/wp-content\/uploads\/2023\/11\/WhatsApp-Image-2023-11-24-at-11.29.45.jpeg\",\"articleSection\":[\"ACTUALIDAD\",\"Marketing\"],\"inLanguage\":\"ca\"},{\"@type\":\"WebPage\",\"@id\":\"https:\/\/www.xmesesport.org\/somturisme-un-resumen-del-sector-en-tarragona\/\",\"url\":\"https:\/\/www.xmesesport.org\/somturisme-un-resumen-del-sector-en-tarragona\/\",\"name\":\"SomTurisme un resumen del sector en Tarragona -X+MARKETING\",\"isPartOf\":{\"@id\":\"https:\/\/www.xmesesport.org\/#website\"},\"primaryImageOfPage\":{\"@id\":\"https:\/\/www.xmesesport.org\/somturisme-un-resumen-del-sector-en-tarragona\/#primaryimage\"},\"image\":{\"@id\":\"https:\/\/www.xmesesport.org\/somturisme-un-resumen-del-sector-en-tarragona\/#primaryimage\"},\"thumbnailUrl\":\"https:\/\/www.xmesesport.org\/wp-content\/uploads\/2023\/11\/WhatsApp-Image-2023-11-24-at-11.29.45.jpeg\",\"datePublished\":\"2023-11-24T10:38:33+00:00\",\"dateModified\":\"2023-11-24T11:00:13+00:00\",\"description\":\"La ocupaci\u00f3n mejora respecto a 2022, zonas del Delta de l'Ebre y del Parc Sam\u00e0 han estado ganadores del Premi Jordi Cartany\u00e0\",\"breadcrumb\":{\"@id\":\"https:\/\/www.xmesesport.org\/somturisme-un-resumen-del-sector-en-tarragona\/#breadcrumb\"},\"inLanguage\":\"ca\",\"potentialAction\":[{\"@type\":\"ReadAction\",\"target\":[\"https:\/\/www.xmesesport.org\/somturisme-un-resumen-del-sector-en-tarragona\/\"]}]},{\"@type\":\"ImageObject\",\"inLanguage\":\"ca\",\"@id\":\"https:\/\/www.xmesesport.org\/somturisme-un-resumen-del-sector-en-tarragona\/#primaryimage\",\"url\":\"https:\/\/www.xmesesport.org\/wp-content\/uploads\/2023\/11\/WhatsApp-Image-2023-11-24-at-11.29.45.jpeg\",\"contentUrl\":\"https:\/\/www.xmesesport.org\/wp-content\/uploads\/2023\/11\/WhatsApp-Image-2023-11-24-at-11.29.45.jpeg\",\"width\":2048,\"height\":886},{\"@type\":\"BreadcrumbList\",\"@id\":\"https:\/\/www.xmesesport.org\/somturisme-un-resumen-del-sector-en-tarragona\/#breadcrumb\",\"itemListElement\":[{\"@type\":\"ListItem\",\"position\":1,\"name\":\"Home\",\"item\":\"https:\/\/www.xmesesport.org\/\"},{\"@type\":\"ListItem\",\"position\":2,\"name\":\"SomTurisme un resumen del sector en Tarragona\"}]},{\"@type\":\"WebSite\",\"@id\":\"https:\/\/www.xmesesport.org\/#website\",\"url\":\"https:\/\/www.xmesesport.org\/\",\"name\":\"Por M&aacute;s Deporte - X+Esport\",\"description\":\"La Comunidad del deporte\",\"publisher\":{\"@id\":\"https:\/\/www.xmesesport.org\/#organization\"},\"alternateName\":\"Per M\u00e9s Esport\",\"potentialAction\":[{\"@type\":\"SearchAction\",\"target\":{\"@type\":\"EntryPoint\",\"urlTemplate\":\"https:\/\/www.xmesesport.org\/?s={search_term_string}\"},\"query-input\":{\"@type\":\"PropertyValueSpecification\",\"valueRequired\":true,\"valueName\":\"search_term_string\"}}],\"inLanguage\":\"ca\"},{\"@type\":\"Organization\",\"@id\":\"https:\/\/www.xmesesport.org\/#organization\",\"name\":\"Per M\u00e9s Esport\",\"alternateName\":\"Por M\u00e1s Deporte\",\"url\":\"https:\/\/www.xmesesport.org\/\",\"logo\":{\"@type\":\"ImageObject\",\"inLanguage\":\"ca\",\"@id\":\"https:\/\/www.xmesesport.org\/#\/schema\/logo\/image\/\",\"url\":\"https:\/\/www.xmesesport.org\/wp-content\/uploads\/2023\/07\/logo-oficial-scaled.jpg\",\"contentUrl\":\"https:\/\/www.xmesesport.org\/wp-content\/uploads\/2023\/07\/logo-oficial-scaled.jpg\",\"width\":2560,\"height\":2560,\"caption\":\"Per M\u00e9s Esport\"},\"image\":{\"@id\":\"https:\/\/www.xmesesport.org\/#\/schema\/logo\/image\/\"},\"sameAs\":[\"https:\/\/www.instagram.com\/permesesport\/\",\"https:\/\/www.linkedin.com\/company\/permesesport\"]},{\"@type\":\"Person\",\"@id\":\"https:\/\/www.xmesesport.org\/#\/schema\/person\/53e1cceae28ee3da6c7f1ae13f990207\",\"name\":\"admin\",\"sameAs\":[\"https:\/\/www.xmesesport.org\"],\"url\":\"http:\/\/www.xmesesport.org\/cat\/author\/admin\/\"}]}<\/script>\n<!-- \/ Yoast SEO plugin. -->","yoast_head_json":{"title":"SomTurisme un resumen del sector en Tarragona -X+MARKETING","description":"La ocupaci\u00f3n mejora respecto a 2022, zonas del Delta de l'Ebre y del Parc Sam\u00e0 han estado ganadores del Premi Jordi Cartany\u00e0","robots":{"index":"index","follow":"follow","max-snippet":"max-snippet:-1","max-image-preview":"max-image-preview:large","max-video-preview":"max-video-preview:-1"},"canonical":"https:\/\/www.xmesesport.org\/cat\/somturisme-un-resumen-del-sector-en-tarragona\/","og_locale":"ca_ES","og_type":"article","og_title":"SomTurisme un resumen del sector en Tarragona -X+MARKETING","og_description":"La ocupaci\u00f3n mejora respecto a 2022, zonas del Delta de l'Ebre y del Parc Sam\u00e0 han estado ganadores del Premi Jordi Cartany\u00e0","og_url":"https:\/\/www.xmesesport.org\/cat\/somturisme-un-resumen-del-sector-en-tarragona\/","og_site_name":"Por M&aacute;s Deporte - X+Esport","article_publisher":"https:\/\/www.instagram.com\/permesesport\/","article_published_time":"2023-11-24T10:38:33+00:00","article_modified_time":"2023-11-24T11:00:13+00:00","og_image":[{"width":2048,"height":886,"url":"https:\/\/www.xmesesport.org\/wp-content\/uploads\/2023\/11\/WhatsApp-Image-2023-11-24-at-11.29.45.jpeg","type":"image\/jpeg"}],"author":"admin","twitter_card":"summary_large_image","twitter_misc":{"Escrit per":"admin","Temps estimat de lectura":"7 minuts"},"schema":{"@context":"https:\/\/schema.org","@graph":[{"@type":"TechArticle","@id":"https:\/\/www.xmesesport.org\/somturisme-un-resumen-del-sector-en-tarragona\/#article","isPartOf":{"@id":"https:\/\/www.xmesesport.org\/somturisme-un-resumen-del-sector-en-tarragona\/"},"author":{"name":"admin","@id":"https:\/\/www.xmesesport.org\/#\/schema\/person\/53e1cceae28ee3da6c7f1ae13f990207"},"headline":"SomTurisme un resumen del sector en Tarragona","datePublished":"2023-11-24T10:38:33+00:00","dateModified":"2023-11-24T11:00:13+00:00","mainEntityOfPage":{"@id":"https:\/\/www.xmesesport.org\/somturisme-un-resumen-del-sector-en-tarragona\/"},"wordCount":1538,"publisher":{"@id":"https:\/\/www.xmesesport.org\/#organization"},"image":{"@id":"https:\/\/www.xmesesport.org\/somturisme-un-resumen-del-sector-en-tarragona\/#primaryimage"},"thumbnailUrl":"https:\/\/www.xmesesport.org\/wp-content\/uploads\/2023\/11\/WhatsApp-Image-2023-11-24-at-11.29.45.jpeg","articleSection":["ACTUALIDAD","Marketing"],"inLanguage":"ca"},{"@type":"WebPage","@id":"https:\/\/www.xmesesport.org\/somturisme-un-resumen-del-sector-en-tarragona\/","url":"https:\/\/www.xmesesport.org\/somturisme-un-resumen-del-sector-en-tarragona\/","name":"SomTurisme un resumen del sector en Tarragona -X+MARKETING","isPartOf":{"@id":"https:\/\/www.xmesesport.org\/#website"},"primaryImageOfPage":{"@id":"https:\/\/www.xmesesport.org\/somturisme-un-resumen-del-sector-en-tarragona\/#primaryimage"},"image":{"@id":"https:\/\/www.xmesesport.org\/somturisme-un-resumen-del-sector-en-tarragona\/#primaryimage"},"thumbnailUrl":"https:\/\/www.xmesesport.org\/wp-content\/uploads\/2023\/11\/WhatsApp-Image-2023-11-24-at-11.29.45.jpeg","datePublished":"2023-11-24T10:38:33+00:00","dateModified":"2023-11-24T11:00:13+00:00","description":"La ocupaci\u00f3n mejora respecto a 2022, zonas del Delta de l'Ebre y del Parc Sam\u00e0 han estado ganadores del Premi Jordi Cartany\u00e0","breadcrumb":{"@id":"https:\/\/www.xmesesport.org\/somturisme-un-resumen-del-sector-en-tarragona\/#breadcrumb"},"inLanguage":"ca","potentialAction":[{"@type":"ReadAction","target":["https:\/\/www.xmesesport.org\/somturisme-un-resumen-del-sector-en-tarragona\/"]}]},{"@type":"ImageObject","inLanguage":"ca","@id":"https:\/\/www.xmesesport.org\/somturisme-un-resumen-del-sector-en-tarragona\/#primaryimage","url":"https:\/\/www.xmesesport.org\/wp-content\/uploads\/2023\/11\/WhatsApp-Image-2023-11-24-at-11.29.45.jpeg","contentUrl":"https:\/\/www.xmesesport.org\/wp-content\/uploads\/2023\/11\/WhatsApp-Image-2023-11-24-at-11.29.45.jpeg","width":2048,"height":886},{"@type":"BreadcrumbList","@id":"https:\/\/www.xmesesport.org\/somturisme-un-resumen-del-sector-en-tarragona\/#breadcrumb","itemListElement":[{"@type":"ListItem","position":1,"name":"Home","item":"https:\/\/www.xmesesport.org\/"},{"@type":"ListItem","position":2,"name":"SomTurisme un resumen del sector en Tarragona"}]},{"@type":"WebSite","@id":"https:\/\/www.xmesesport.org\/#website","url":"https:\/\/www.xmesesport.org\/","name":"Por M&aacute;s Deporte - X+Esport","description":"La Comunitat de l'Esport","publisher":{"@id":"https:\/\/www.xmesesport.org\/#organization"},"alternateName":"Per M\u00e9s Esport","potentialAction":[{"@type":"SearchAction","target":{"@type":"EntryPoint","urlTemplate":"https:\/\/www.xmesesport.org\/?s={search_term_string}"},"query-input":{"@type":"PropertyValueSpecification","valueRequired":true,"valueName":"search_term_string"}}],"inLanguage":"ca"},{"@type":"Organization","@id":"https:\/\/www.xmesesport.org\/#organization","name":"Per M\u00e9s Esport","alternateName":"Por M\u00e1s Deporte","url":"https:\/\/www.xmesesport.org\/","logo":{"@type":"ImageObject","inLanguage":"ca","@id":"https:\/\/www.xmesesport.org\/#\/schema\/logo\/image\/","url":"https:\/\/www.xmesesport.org\/wp-content\/uploads\/2023\/07\/logo-oficial-scaled.jpg","contentUrl":"https:\/\/www.xmesesport.org\/wp-content\/uploads\/2023\/07\/logo-oficial-scaled.jpg","width":2560,"height":2560,"caption":"Per M\u00e9s Esport"},"image":{"@id":"https:\/\/www.xmesesport.org\/#\/schema\/logo\/image\/"},"sameAs":["https:\/\/www.instagram.com\/permesesport\/","https:\/\/www.linkedin.com\/company\/permesesport"]},{"@type":"Person","@id":"https:\/\/www.xmesesport.org\/#\/schema\/person\/53e1cceae28ee3da6c7f1ae13f990207","name":"admin","sameAs":["https:\/\/www.xmesesport.org"],"url":"http:\/\/www.xmesesport.org\/cat\/author\/admin\/"}]}},"_links":{"self":[{"href":"http:\/\/www.xmesesport.org\/cat\/wp-json\/wp\/v2\/posts\/2264","targetHints":{"allow":["GET"]}}],"collection":[{"href":"http:\/\/www.xmesesport.org\/cat\/wp-json\/wp\/v2\/posts"}],"about":[{"href":"http:\/\/www.xmesesport.org\/cat\/wp-json\/wp\/v2\/types\/post"}],"author":[{"embeddable":true,"href":"http:\/\/www.xmesesport.org\/cat\/wp-json\/wp\/v2\/users\/1"}],"replies":[{"embeddable":true,"href":"http:\/\/www.xmesesport.org\/cat\/wp-json\/wp\/v2\/comments?post=2264"}],"version-history":[{"count":5,"href":"http:\/\/www.xmesesport.org\/cat\/wp-json\/wp\/v2\/posts\/2264\/revisions"}],"predecessor-version":[{"id":2272,"href":"http:\/\/www.xmesesport.org\/cat\/wp-json\/wp\/v2\/posts\/2264\/revisions\/2272"}],"wp:featuredmedia":[{"embeddable":true,"href":"http:\/\/www.xmesesport.org\/cat\/wp-json\/wp\/v2\/media\/2267"}],"wp:attachment":[{"href":"http:\/\/www.xmesesport.org\/cat\/wp-json\/wp\/v2\/media?parent=2264"}],"wp:term":[{"taxonomy":"category","embeddable":true,"href":"http:\/\/www.xmesesport.org\/cat\/wp-json\/wp\/v2\/categories?post=2264"},{"taxonomy":"post_tag","embeddable":true,"href":"http:\/\/www.xmesesport.org\/cat\/wp-json\/wp\/v2\/tags?post=2264"}],"curies":[{"name":"wp","href":"https:\/\/api.w.org\/{rel}","templated":true}]}}